[{"@context":"https:\/\/schema.org\/","@type":"Article","@id":"https:\/\/www.stronger.sk\/dobre-si-rozmyslite-co-date-jest-prezimujucim-vtakom\/#Article","mainEntityOfPage":"https:\/\/www.stronger.sk\/dobre-si-rozmyslite-co-date-jest-prezimujucim-vtakom\/","headline":"Dobre si rozmyslite, \u010do d\u00e1te jes\u0165 prezimuj\u00facim  vt\u00e1kom","name":"Dobre si rozmyslite, \u010do d\u00e1te jes\u0165 prezimuj\u00facim  vt\u00e1kom","description":"Hor\u00face letn\u00e9 dni pomaly nahr\u00e1dza sychrav\u00e9 jesenn\u00e9 po\u010dasie. U\u017e v\u00a0\u0161kole n\u00e1s u\u010dili, \u017ee je dobre prikrmova\u0165 vt\u00e1ky, ke\u010f udr\u00fa prv\u00e9 chladn\u00e9 dni \u010di mrazy. Pri ve\u013emi n\u00edzkych teplot\u00e1ch si tieto mal\u00e9 tvory nevedia sam\u00e9 zaobstara\u0165 potravu a\u00a0preto je dobr\u00e9 im v\u00a0tom pom\u00f4c\u0165. \u010ci n\u00e1s u\u010dili ako spr\u00e1vne vt\u00e1ky prikrmova\u0165, si u\u00a0nepam\u00e4t\u00e1m. Ale v\u00a0pokra\u010dovan\u00ed \u010dl\u00e1nku, by [&hellip;]","datePublished":"2025-02-23","dateModified":"2023-04-25","author":{"@type":"Person","@id":"https:\/\/www.stronger.sk\/author\/#Person","name":"stronger.sk\n","url":"https:\/\/www.stronger.sk\/author\/","identifier":1,"image":{"@type":"ImageObject","@id":"https:\/\/secure.gravatar.com\/avatar\/7726f7b8e3ba8979c4cf2ad896cb2e8cc05af8ceb17ce4fb40617b72e0be53b4?s=96&d=mm&r=g","url":"https:\/\/secure.gravatar.com\/avatar\/7726f7b8e3ba8979c4cf2ad896cb2e8cc05af8ceb17ce4fb40617b72e0be53b4?s=96&d=mm&r=g","height":96,"width":96}},"publisher":{"@type":"Organization","name":"stronger.sk","logo":{"@type":"ImageObject","@id":"\/logo.png","url":"\/logo.png","width":600,"height":60}},"image":{"@type":"ImageObject","@id":"https:\/\/www.stronger.sk\/wp-content\/uploads\/img_a280297_w2004_t1493313149.jpg","url":"https:\/\/www.stronger.sk\/wp-content\/uploads\/img_a280297_w2004_t1493313149.jpg","height":0,"width":0},"url":"https:\/\/www.stronger.sk\/dobre-si-rozmyslite-co-date-jest-prezimujucim-vtakom\/","about":["Zvierat\u00e1"],"wordCount":394,"articleBody":"Hor\u00face letn\u00e9 dni pomaly nahr\u00e1dza sychrav\u00e9 jesenn\u00e9 po\u010dasie. U\u017e v\u00a0\u0161kole n\u00e1s u\u010dili, \u017ee je dobre prikrmova\u0165 vt\u00e1ky, ke\u010f udr\u00fa prv\u00e9 chladn\u00e9 dni \u010di mrazy. Pri ve\u013emi n\u00edzkych teplot\u00e1ch si tieto mal\u00e9 tvory nevedia sam\u00e9 zaobstara\u0165 potravu a\u00a0preto je dobr\u00e9 im v\u00a0tom pom\u00f4c\u0165.\u010ci n\u00e1s u\u010dili ako spr\u00e1vne vt\u00e1ky prikrmova\u0165, si u\u00a0nepam\u00e4t\u00e1m. Ale v\u00a0pokra\u010dovan\u00ed \u010dl\u00e1nku, by ste sa mali dozvedie\u0165 aspo\u0148 z\u00e1kladne inform\u00e1cie tejto \u010dinnosti. Vt\u00e1kom predsa nechceme ubl\u00ed\u017ei\u0165, ale im pom\u00f4c\u0165. Od toho n\u00e1s predsa maj\u00fa. Aj ke\u010f si v\u00a0teplej\u0161\u00edch, hoci novembrov\u00fdch d\u0148och vedia potravu zaobstara\u0165 aj samy, mus\u00edme sa pripravi\u0165, \u017ee \u010dasom udr\u00fa aj krutej\u0161ie zimn\u00e9 dni.Tieto druhy jed\u00e1l vt\u00e1kom rad\u0161ej nen\u00fakajteSo\u013e patr\u00ed do kuchyne a\u00a0nie pre operence. Pre organizmus vt\u00e1ka p\u00f4sob\u00ed ako jed. To plat\u00ed aj pre r\u00f4zne druhy korenia.\u00a0 Ak by sme chceli vt\u00e1kovi pon\u00faknu\u0165 pe\u010divo, mus\u00edme bra\u0165 na vedomie, \u017ee\u00a0 m\u00f4\u017ee obsahova\u0165 bakt\u00e9rie, ktor\u00e9 im\u00a0 v\u00a0kone\u010dnom d\u00f4sledku sp\u00f4sob\u00ed \u010drevn\u00e9 probl\u00e9my.\u00a0Vt\u00e1ky v\u00a0tomto ro\u010dnom obdob\u00ed konzumuj\u00fa minimum vody, dokonca v\u00f4bec. T\u00fa im rad\u0161ej ned\u00e1vajte, preto\u017ee maj\u00fa tendenciu sa v\u00a0nej ok\u00fapa\u0165 a\u00a0pri ve\u013emi chladn\u00fdch d\u0148och by mohli zahyn\u00fa\u0165.\u00a0Vo v\u0161eobecnosti plat\u00ed, \u010do je \u010derstv\u00e9, to je zdrav\u00e9. Preto vt\u00e1kom rad\u0161ej pon\u00faknite \u010derstv\u00e9 vla\u0161sk\u00e9 orechy, su\u0161en\u00e9 ovocie alebo k\u00fasok loja \u010di tuku, ktor\u00e9 nie s\u00fa dochucovan\u00e9 so\u013eou. Nepohrdn\u00fa ani semenami slne\u010dnice, maku i\u00a0nesolen\u00fdmi ara\u0161idmi.\t\tOdmena pre n\u00e1sNesk\u00f4r, ke\u010f nastane jar, sa n\u00e1m vt\u00e1ky dobre odmenia v\u00a0podobe spevu a\u00a0odstra\u0148ovania \u0161kodliv\u00e9ho hmyzu z\u00a0ovocn\u00fdch stromov. Ak m\u00e1te v\u00fdh\u013ead zo svojho okna na k\u0155midlo, kde ste vt\u00e1ky prikrmovali, ur\u010dite v\u00e1s pote\u0161\u00ed poh\u013ead na hrav\u00e9 a\u00a0\u0161tebotaj\u00face operence.A\u00a0potom nesk\u00f4r, ke\u010f bude \u010das \u00farody, si na nich dobre spomenieme pri jeden\u00ed \u0161\u0165avnat\u00e9ho jab\u013a\u010dka \u010di hru\u0161ky. Pom\u00e1ha\u0165 treba st\u00e1le. O\u00a0tom to je. Je to kolobeh \u017eivota. A\u00a0\u010do niekomu d\u00e1me, sa n\u00e1m dvojn\u00e1sobne vr\u00e1ti.                                                                                                                                                                                                                                                                                                                                                                                        3.8\/5 - (5 votes)        "},{"@context":"https:\/\/schema.org\/","@type":"BreadcrumbList","itemListElement":[{"@type":"ListItem","position":1,"name":"Dobre si rozmyslite, \u010do d\u00e1te jes\u0165 prezimuj\u00facim  vt\u00e1kom","item":"https:\/\/www.stronger.sk\/dobre-si-rozmyslite-co-date-jest-prezimujucim-vtakom\/#breadcrumbitem"}]}]